{"id":61,"date":"2014-09-21T13:39:39","date_gmt":"2014-09-21T12:39:39","guid":{"rendered":"http:\/\/les-aubepines.malignos.fr\/?p=61"},"modified":"2014-09-21T13:39:39","modified_gmt":"2014-09-21T12:39:39","slug":"cest-la-fete","status":"publish","type":"post","link":"https:\/\/les-aubepines.malignos.fr\/?p=61","title":{"rendered":"C&rsquo;est la f\u00eate !"},"content":{"rendered":"<p style=\"text-align: center;\"><a href=\"http:\/\/les-aubepines.malignos.fr\/wp-content\/uploads\/2014\/09\/DSCN0419-blog.jpg\"><br \/>\n<\/a> <a href=\"http:\/\/les-aubepines.malignos.fr\/wp-content\/uploads\/2014\/09\/DSCN0430-blog.jpg\"><br \/>\n<\/a><img loading=\"lazy\" decoding=\"async\" class=\"aligncenter size-medium wp-image-63\" src=\"http:\/\/les-aubepines.malignos.fr\/wp-content\/uploads\/2014\/09\/DSCN0430-blog-300x225.jpg\" alt=\"DSCN0430 (blog)\" width=\"300\" height=\"225\" srcset=\"https:\/\/les-aubepines.malignos.fr\/wp-content\/uploads\/2014\/09\/DSCN0430-blog-300x225.jpg 300w, https:\/\/les-aubepines.malignos.fr\/wp-content\/uploads\/2014\/09\/DSCN0430-blog-1024x768.jpg 1024w, https:\/\/les-aubepines.malignos.fr\/wp-content\/uploads\/2014\/09\/DSCN0430-blog.jpg 1280w\" sizes=\"(max-width: 300px) 100vw, 300px\" \/><\/p>\n<p style=\"text-align: center;\">Comme l&rsquo;ann\u00e9e derni\u00e8re R\u00e9mi a r\u00e9uni quelques copains pour f\u00eater ces 12 ans !<\/p>\n<p style=\"text-align: center;\">\n<p style=\"text-align: center;\"><a href=\"http:\/\/les-aubepines.malignos.fr\/wp-content\/uploads\/2014\/09\/DSCN0421-blog.jpg\"><img loading=\"lazy\" decoding=\"async\" class=\"alignnone size-thumbnail wp-image-68 alignright\" src=\"http:\/\/les-aubepines.malignos.fr\/wp-content\/uploads\/2014\/09\/DSCN0421-blog-150x150.jpg\" alt=\"DSCN0421 (blog)\" width=\"150\" height=\"150\" \/><\/a>\u00a0 \u00a0\u00a0<a href=\"http:\/\/les-aubepines.malignos.fr\/wp-content\/uploads\/2014\/09\/DSCN0410-blog.jpg\"><img loading=\"lazy\" decoding=\"async\" class=\"alignnone size-thumbnail wp-image-65\" src=\"http:\/\/les-aubepines.malignos.fr\/wp-content\/uploads\/2014\/09\/DSCN0410-blog-150x150.jpg\" alt=\"DSCN0410 (blog)\" width=\"150\" height=\"150\" \/><\/a>\u00a0\u00a0<a href=\"http:\/\/les-aubepines.malignos.fr\/wp-content\/uploads\/2014\/09\/DSCN0419-blog.jpg\"><img loading=\"lazy\" decoding=\"async\" class=\"alignnone size-thumbnail wp-image-64 alignleft\" src=\"http:\/\/les-aubepines.malignos.fr\/wp-content\/uploads\/2014\/09\/DSCN0419-blog-150x150.jpg\" alt=\"DSCN0419 (blog)\" width=\"150\" height=\"150\" \/><\/a><\/p>\n","protected":false},"excerpt":{"rendered":"<p>Comme l&rsquo;ann\u00e9e derni\u00e8re R\u00e9mi a r\u00e9uni quelques copains pour f\u00eater ces 12 ans ! \u00a0 \u00a0\u00a0\u00a0\u00a0<\/p>\n","protected":false},"author":1,"featured_media":0,"comment_status":"open","ping_status":"open","sticky":false,"template":"","format":"standard","meta":{"footnotes":""},"categories":[1],"tags":[],"class_list":["post-61","post","type-post","status-publish","format-standard","hentry","category-non-classe"],"_links":{"self":[{"href":"https:\/\/les-aubepines.malignos.fr\/index.php?rest_route=\/wp\/v2\/posts\/61"}],"collection":[{"href":"https:\/\/les-aubepines.malignos.fr\/index.php?rest_route=\/wp\/v2\/posts"}],"about":[{"href":"https:\/\/les-aubepines.malignos.fr\/index.php?rest_route=\/wp\/v2\/types\/post"}],"author":[{"embeddable":true,"href":"https:\/\/les-aubepines.malignos.fr\/index.php?rest_route=\/wp\/v2\/users\/1"}],"replies":[{"embeddable":true,"href":"https:\/\/les-aubepines.malignos.fr\/index.php?rest_route=%2Fwp%2Fv2%2Fcomments&post=61"}],"version-history":[{"count":11,"href":"https:\/\/les-aubepines.malignos.fr\/index.php?rest_route=\/wp\/v2\/posts\/61\/revisions"}],"predecessor-version":[{"id":76,"href":"https:\/\/les-aubepines.malignos.fr\/index.php?rest_route=\/wp\/v2\/posts\/61\/revisions\/76"}],"wp:attachment":[{"href":"https:\/\/les-aubepines.malignos.fr\/index.php?rest_route=%2Fwp%2Fv2%2Fmedia&parent=61"}],"wp:term":[{"taxonomy":"category","embeddable":true,"href":"https:\/\/les-aubepines.malignos.fr\/index.php?rest_route=%2Fwp%2Fv2%2Fcategories&post=61"},{"taxonomy":"post_tag","embeddable":true,"href":"https:\/\/les-aubepines.malignos.fr\/index.php?rest_route=%2Fwp%2Fv2%2Ftags&post=61"}],"curies":[{"name":"wp","href":"https:\/\/api.w.org\/{rel}","templated":true}]}}