{"id":43,"date":"2014-09-17T17:21:15","date_gmt":"2014-09-17T16:21:15","guid":{"rendered":"http:\/\/les-aubepines.malignos.fr\/?p=43"},"modified":"2014-09-19T06:54:27","modified_gmt":"2014-09-19T05:54:27","slug":"septembre-passe-toujours-aussi-vite","status":"publish","type":"post","link":"https:\/\/les-aubepines.malignos.fr\/?p=43","title":{"rendered":"Septembre passe toujours aussi vite !"},"content":{"rendered":"<p style=\"text-align: left;\">Le mois de Septembre\u00a0avance \u00e0 grands\u00a0pas et la rentr\u00e9e semble d\u00e9j\u00e0 loin. Les loulous ont vite retrouv\u00e9 le rythme de l&rsquo;\u00e9cole. Cette semaine les activit\u00e9s sportives recommencent ! Lucile a rencontr\u00e9 son nouveau prof de judo et les gar\u00e7ons ont commenc\u00e9 l&rsquo;a\u00efkido. Pour transporter leurs armes rien de mieux qu&rsquo;une jolie housse \u00a0faite maison !<\/p>\n\n\t\t<style type=\"text\/css\">\n\t\t\t#gallery-1 {\n\t\t\t\tmargin: auto;\n\t\t\t}\n\t\t\t#gallery-1 .gallery-item {\n\t\t\t\tfloat: left;\n\t\t\t\tmargin-top: 10px;\n\t\t\t\ttext-align: center;\n\t\t\t\twidth: 33%;\n\t\t\t}\n\t\t\t#gallery-1 img {\n\t\t\t\tborder: 2px solid #cfcfcf;\n\t\t\t}\n\t\t\t#gallery-1 .gallery-caption {\n\t\t\t\tmargin-left: 0;\n\t\t\t}\n\t\t\t\/* see gallery_shortcode() in wp-includes\/media.php *\/\n\t\t<\/style>\n\t\t<div id='gallery-1' class='gallery galleryid-43 gallery-columns-3 gallery-size-thumbnail'><dl class='gallery-item'>\n\t\t\t<dt class='gallery-icon portrait'>\n\t\t\t\t<a href='https:\/\/les-aubepines.malignos.fr\/?attachment_id=47'><img loading=\"lazy\" decoding=\"async\" width=\"150\" height=\"150\" src=\"https:\/\/les-aubepines.malignos.fr\/wp-content\/uploads\/2014\/09\/DSCN0387-blog-150x150.jpg\" class=\"attachment-thumbnail size-thumbnail\" alt=\"\" \/><\/a>\n\t\t\t<\/dt><\/dl><dl class='gallery-item'>\n\t\t\t<dt class='gallery-icon landscape'>\n\t\t\t\t<a href='https:\/\/les-aubepines.malignos.fr\/?attachment_id=48'><img loading=\"lazy\" decoding=\"async\" width=\"150\" height=\"150\" src=\"https:\/\/les-aubepines.malignos.fr\/wp-content\/uploads\/2014\/09\/DSCN0385-blog-150x150.jpg\" class=\"attachment-thumbnail size-thumbnail\" alt=\"\" \/><\/a>\n\t\t\t<\/dt><\/dl><dl class='gallery-item'>\n\t\t\t<dt class='gallery-icon portrait'>\n\t\t\t\t<a href='https:\/\/les-aubepines.malignos.fr\/?attachment_id=46'><img loading=\"lazy\" decoding=\"async\" width=\"150\" height=\"150\" src=\"https:\/\/les-aubepines.malignos.fr\/wp-content\/uploads\/2014\/09\/DSCN0386-blog-150x150.jpg\" class=\"attachment-thumbnail size-thumbnail\" alt=\"\" \/><\/a>\n\t\t\t<\/dt><\/dl><br style=\"clear: both\" \/>\n\t\t<\/div>\n\n<p style=\"text-align: center;\">\n","protected":false},"excerpt":{"rendered":"<p>Le mois de Septembre\u00a0avance \u00e0 grands\u00a0pas et la rentr\u00e9e semble d\u00e9j\u00e0 loin. Les loulous ont vite retrouv\u00e9 le rythme de l&rsquo;\u00e9cole. Cette semaine les activit\u00e9s sportives recommencent ! Lucile a rencontr\u00e9 son nouveau prof de judo et les gar\u00e7ons ont commenc\u00e9 l&rsquo;a\u00efkido. Pour transporter leurs armes rien de mieux qu&rsquo;une jolie housse \u00a0faite maison !<\/p>\n","protected":false},"author":1,"featured_media":0,"comment_status":"open","ping_status":"open","sticky":false,"template":"","format":"standard","meta":{"footnotes":""},"categories":[1],"tags":[],"class_list":["post-43","post","type-post","status-publish","format-standard","hentry","category-non-classe"],"_links":{"self":[{"href":"https:\/\/les-aubepines.malignos.fr\/index.php?rest_route=\/wp\/v2\/posts\/43"}],"collection":[{"href":"https:\/\/les-aubepines.malignos.fr\/index.php?rest_route=\/wp\/v2\/posts"}],"about":[{"href":"https:\/\/les-aubepines.malignos.fr\/index.php?rest_route=\/wp\/v2\/types\/post"}],"author":[{"embeddable":true,"href":"https:\/\/les-aubepines.malignos.fr\/index.php?rest_route=\/wp\/v2\/users\/1"}],"replies":[{"embeddable":true,"href":"https:\/\/les-aubepines.malignos.fr\/index.php?rest_route=%2Fwp%2Fv2%2Fcomments&post=43"}],"version-history":[{"count":13,"href":"https:\/\/les-aubepines.malignos.fr\/index.php?rest_route=\/wp\/v2\/posts\/43\/revisions"}],"predecessor-version":[{"id":60,"href":"https:\/\/les-aubepines.malignos.fr\/index.php?rest_route=\/wp\/v2\/posts\/43\/revisions\/60"}],"wp:attachment":[{"href":"https:\/\/les-aubepines.malignos.fr\/index.php?rest_route=%2Fwp%2Fv2%2Fmedia&parent=43"}],"wp:term":[{"taxonomy":"category","embeddable":true,"href":"https:\/\/les-aubepines.malignos.fr\/index.php?rest_route=%2Fwp%2Fv2%2Fcategories&post=43"},{"taxonomy":"post_tag","embeddable":true,"href":"https:\/\/les-aubepines.malignos.fr\/index.php?rest_route=%2Fwp%2Fv2%2Ftags&post=43"}],"curies":[{"name":"wp","href":"https:\/\/api.w.org\/{rel}","templated":true}]}}