{"id":263,"date":"2016-02-13T11:17:21","date_gmt":"2016-02-13T10:17:21","guid":{"rendered":"http:\/\/les-aubepines.malignos.fr\/?p=263"},"modified":"2016-02-13T11:17:21","modified_gmt":"2016-02-13T10:17:21","slug":"les-oiseaux-sauvages-de-noisy","status":"publish","type":"post","link":"https:\/\/les-aubepines.malignos.fr\/?p=263","title":{"rendered":"Les oiseaux sauvages de Noisy"},"content":{"rendered":"<p style=\"text-align: left;\">Ce matin j&rsquo;ai partag\u00e9 mon petit d\u00e9jeun\u00e9 avec quelques habitu\u00e9s du jardin et un invit\u00e9 surprise ! Haut en couleur, il est rest\u00e9 pr\u00e8s de 10 minutes \u00e0 se\u00a0remplir le ventre de graines de tournesol, en chassant les copains. Sit\u00f4t parti les moineaux et les m\u00e9sanges ont repris leur ballet habituel.<a href=\"http:\/\/les-aubepines.malignos.fr\/wp-content\/uploads\/2016\/02\/DSCN9335-blog.jpg\" rel=\"attachment wp-att-267\"><img loading=\"lazy\" decoding=\"async\" class=\"size-medium wp-image-267 aligncenter\" src=\"http:\/\/les-aubepines.malignos.fr\/wp-content\/uploads\/2016\/02\/DSCN9335-blog-300x225.jpg\" alt=\"DSCN9335 (blog)\" width=\"300\" height=\"225\" srcset=\"https:\/\/les-aubepines.malignos.fr\/wp-content\/uploads\/2016\/02\/DSCN9335-blog-300x225.jpg 300w, https:\/\/les-aubepines.malignos.fr\/wp-content\/uploads\/2016\/02\/DSCN9335-blog-768x576.jpg 768w, https:\/\/les-aubepines.malignos.fr\/wp-content\/uploads\/2016\/02\/DSCN9335-blog-1024x768.jpg 1024w, https:\/\/les-aubepines.malignos.fr\/wp-content\/uploads\/2016\/02\/DSCN9335-blog.jpg 1280w\" sizes=\"(max-width: 300px) 100vw, 300px\" \/><\/a><\/p>\n<p>\u00a0<a href=\"http:\/\/les-aubepines.malignos.fr\/wp-content\/uploads\/2016\/02\/DSCN9354-blog.jpg\" rel=\"attachment wp-att-268\"><img loading=\"lazy\" decoding=\"async\" class=\"alignnone size-thumbnail wp-image-268\" src=\"http:\/\/les-aubepines.malignos.fr\/wp-content\/uploads\/2016\/02\/DSCN9354-blog-150x150.jpg\" alt=\"DSCN9354 (blog)\" width=\"150\" height=\"150\" \/><\/a>\u00a0 \u00a0 \u00a0<a href=\"http:\/\/les-aubepines.malignos.fr\/wp-content\/uploads\/2016\/02\/DSCN9358-blog.jpg\" rel=\"attachment wp-att-269\"><img loading=\"lazy\" decoding=\"async\" class=\"alignnone size-thumbnail wp-image-269\" src=\"http:\/\/les-aubepines.malignos.fr\/wp-content\/uploads\/2016\/02\/DSCN9358-blog-150x150.jpg\" alt=\"DSCN9358 (blog)\" width=\"150\" height=\"150\" \/> <\/a>\u00a0 \u00a0\u00a0<a href=\"http:\/\/les-aubepines.malignos.fr\/wp-content\/uploads\/2016\/02\/DSCN9363-blog.jpg\" rel=\"attachment wp-att-270\"><img loading=\"lazy\" decoding=\"async\" class=\"alignnone size-thumbnail wp-image-270\" src=\"http:\/\/les-aubepines.malignos.fr\/wp-content\/uploads\/2016\/02\/DSCN9363-blog-150x150.jpg\" alt=\"DSCN9363 (blog)\" width=\"150\" height=\"150\" \/><\/a>\u00a0 \u00a0\u00a0\u00a0<a href=\"http:\/\/les-aubepines.malignos.fr\/wp-content\/uploads\/2016\/02\/DSCN9366-blog.jpg\" rel=\"attachment wp-att-271\"><img loading=\"lazy\" decoding=\"async\" class=\"alignnone size-thumbnail wp-image-271\" src=\"http:\/\/les-aubepines.malignos.fr\/wp-content\/uploads\/2016\/02\/DSCN9366-blog-150x150.jpg\" alt=\"DSCN9366 (blog)\" width=\"150\" height=\"150\" \/><\/a><\/p>\n","protected":false},"excerpt":{"rendered":"<p>Ce matin j&rsquo;ai partag\u00e9 mon petit d\u00e9jeun\u00e9 avec quelques habitu\u00e9s du jardin et un invit\u00e9 surprise ! Haut en couleur, il est rest\u00e9 pr\u00e8s de 10 minutes \u00e0 se\u00a0remplir le ventre de graines de tournesol, en chassant les copains. Sit\u00f4t parti les moineaux et les m\u00e9sanges ont repris leur ballet habituel. \u00a0\u00a0 \u00a0 \u00a0 \u00a0 [&hellip;]<\/p>\n","protected":false},"author":1,"featured_media":0,"comment_status":"open","ping_status":"open","sticky":false,"template":"","format":"standard","meta":{"footnotes":""},"categories":[1],"tags":[],"class_list":["post-263","post","type-post","status-publish","format-standard","hentry","category-non-classe"],"_links":{"self":[{"href":"https:\/\/les-aubepines.malignos.fr\/index.php?rest_route=\/wp\/v2\/posts\/263"}],"collection":[{"href":"https:\/\/les-aubepines.malignos.fr\/index.php?rest_route=\/wp\/v2\/posts"}],"about":[{"href":"https:\/\/les-aubepines.malignos.fr\/index.php?rest_route=\/wp\/v2\/types\/post"}],"author":[{"embeddable":true,"href":"https:\/\/les-aubepines.malignos.fr\/index.php?rest_route=\/wp\/v2\/users\/1"}],"replies":[{"embeddable":true,"href":"https:\/\/les-aubepines.malignos.fr\/index.php?rest_route=%2Fwp%2Fv2%2Fcomments&post=263"}],"version-history":[{"count":5,"href":"https:\/\/les-aubepines.malignos.fr\/index.php?rest_route=\/wp\/v2\/posts\/263\/revisions"}],"predecessor-version":[{"id":275,"href":"https:\/\/les-aubepines.malignos.fr\/index.php?rest_route=\/wp\/v2\/posts\/263\/revisions\/275"}],"wp:attachment":[{"href":"https:\/\/les-aubepines.malignos.fr\/index.php?rest_route=%2Fwp%2Fv2%2Fmedia&parent=263"}],"wp:term":[{"taxonomy":"category","embeddable":true,"href":"https:\/\/les-aubepines.malignos.fr\/index.php?rest_route=%2Fwp%2Fv2%2Fcategories&post=263"},{"taxonomy":"post_tag","embeddable":true,"href":"https:\/\/les-aubepines.malignos.fr\/index.php?rest_route=%2Fwp%2Fv2%2Ftags&post=263"}],"curies":[{"name":"wp","href":"https:\/\/api.w.org\/{rel}","templated":true}]}}